{"id":2128,"date":"2024-10-01T10:08:37","date_gmt":"2024-10-01T08:08:37","guid":{"rendered":"https:\/\/www.uniavukovar.com\/?p=2128"},"modified":"2024-12-15T21:40:03","modified_gmt":"2024-12-15T20:40:03","slug":"spass-beim-7-oktoberfest-in-vukovar","status":"publish","type":"post","link":"https:\/\/www.uniavukovar.com\/de\/spass-beim-7-oktoberfest-in-vukovar\/","title":{"rendered":"SPASS BEIM 7. OKTOBERFEST IN VUKOVAR"},"content":{"rendered":"<p>[vc_row][vc_column width=&#8220;1\/2&#8243;][vc_column_text woodmart_inline=&#8220;no&#8220; text_larger=&#8220;no&#8220;]In der Fortsetzung des \u201eDeutschen Wochenendes\u201c In Vukovar gab es am Samstag, den 28. September, viele Teilnehmer und G\u00e4ste<br \/>\nNach dem Nationaltreffen der deutschen Minderheit erfrischten sie sich im Hotel Lav und gingen anschlie\u00dfend in die Sporthalle<br \/>\ndes Saales der Dragutin-Tadijanovi\u0107-Grundschule, in dem das 7. Oktoberfest stattfand.<br \/>\nDer Verein der Deutschen und \u00d6sterreicher arbeitet bereits mit dem Lions Club und dem Tourismusverband von Vukovar zusammen<br \/>\nveranstaltet traditionell dieses Ereignis, welches sich auf die deutsche Traditionskultur bezieht. Leider schon im zweiten Jahr<br \/>\nwiederum verhinderte der Regen, dass das Programm auf dem zentralen Marktplatz stattfinden konnte, sodass alles verlegt werden musste<br \/>\nin die Schule. Trotzdem durfte die Atmosph\u00e4re eines echten Oktoberfestes mit Gesang, Tanz und Bier nicht fehlen. Daf\u00fcr sorgte die<br \/>\ntolle Organisatoren, aber auch Gastgruppen von K\u00fcnstlern aus Kroatien, Rum\u00e4nien, Ungarn und Serbien.<br \/>\nNachdem der deutsche Chor \u201eDrei Rosen\u201c aus Vukovar Ein deutscher Chor trat auf<br \/>\n&amp;#39;Quelle&amp;#39; von Mohac. Anschlie\u00dfend trat der Chor Kornel Warga aus Lancsuk, Ungarn, auf. Dann sind sie es<br \/>\nAnschlie\u00dfend folgten der deutsche Chor und das Orchester \u201eEdelwei\u00df\u201c. aus Sira\u010d, der deutsche Chor aus Re\u0161ice, Rum\u00e4nien<br \/>\n(Reschitz), deutscher Chor und Tanzgruppe aus Feked, Ungarn, deutsche Ch\u00f6re \u201eEdelwei\u00df\u201c und \u201eRegenbogen\u201c aus Subotica in Serbien. Ganz am Ende des Programms spielt eine deutsche Blaskapelle aus dem ungarischen Feked.<br \/>\nEs handelt sich allesamt um Gruppen, die innerhalb der Organisationen der deutschen Minderheit in ihren L\u00e4ndern t\u00e4tig sind, mit denen wir bereits zusammenarbeiten<br \/>\nTraditionell organisiert vom Vukovarer Verein der Deutschen und \u00d6sterreicher.<\/p>\n<p>Alle Bilder k\u00f6nnen Sie unter folgenden Link sehen: https:\/\/studiodeadream.pic-time.com\/-udruga\/gallery[\/vc_column_text][\/vc_column][vc_column width=&#8220;1\/2&#8243;]\t\t\t<link rel=\"stylesheet\" id=\"wd-photoswipe-css\" href=\"https:\/\/www.uniavukovar.com\/wp-content\/themes\/woodmart\/css\/parts\/lib-photoswipe.min.css?ver=6.2.4\" type=\"text\/css\" media=\"all\" \/> \t\t\t\t\t\t<link rel=\"stylesheet\" id=\"wd-image-gallery-css\" href=\"https:\/\/www.uniavukovar.com\/wp-content\/themes\/woodmart\/css\/parts\/el-gallery.min.css?ver=6.2.4\" type=\"text\/css\" media=\"all\" \/> \t\t\t\t\t<div id=\"gallery_948\" class=\"wd-images-gallery wd-rs-6752be0cbde3a wd-justify-center wd-items-middle view-grid photoswipe-images\" >\n\t\t\t<div class=\"gallery-images row wd-spacing-0\">\n\t\t\t\t\t\t\t\t\t\t\t\t\t\t\t<div class=\"wd-gallery-item col-md-4 col-6\">\n\t\t\t\t\t\t\t\t\t\t\t\t\t\t<a href=\"https:\/\/www.uniavukovar.com\/wp-content\/uploads\/2024\/12\/1DEA8368.jpg\" data-elementor-open-lightbox=\"no\" data-index=\"1\" data-width=\"2362\" data-height=\"1575\"  >\n\t\t\t\t\t\t\t\t\n\t\t\t\t\t\t\t\t\t\t\t\t\t\t\t\t\t<img loading=\"lazy\" decoding=\"async\" width=\"300\" height=\"200\" src=\"https:\/\/www.uniavukovar.com\/wp-content\/uploads\/2024\/12\/1DEA8368-300x200.jpg\" class=\"wd-gallery-image image-1 attachment-medium\" alt=\"\" srcset=\"https:\/\/www.uniavukovar.com\/wp-content\/uploads\/2024\/12\/1DEA8368-300x200.jpg 300w, https:\/\/www.uniavukovar.com\/wp-content\/uploads\/2024\/12\/1DEA8368-1024x683.jpg 1024w, https:\/\/www.uniavukovar.com\/wp-content\/uploads\/2024\/12\/1DEA8368-768x512.jpg 768w, https:\/\/www.uniavukovar.com\/wp-content\/uploads\/2024\/12\/1DEA8368-1536x1024.jpg 1536w, https:\/\/www.uniavukovar.com\/wp-content\/uploads\/2024\/12\/1DEA8368-2048x1366.jpg 2048w\" sizes=\"auto, (max-width: 300px) 100vw, 300px\" \/>\t\t\t\t\t\t\t\t\n\n\t\t\t\t\t\t\t\t\t\t\t\t\t\t\t<\/a>\n\t\t\t\t\t\t\t\t\t\t\t\t<\/div>\n\t\t\t\t\t\t\t\t\t\t\t\t<\/div>\n\t\t<\/div>\n\t\t\t\t[\/vc_column][\/vc_row]<\/p>\n","protected":false},"excerpt":{"rendered":"<p>[vc_row][vc_column width=&#8220;1\/2&#8243;][vc_column_text woodmart_inline=&#8220;no&#8220; text_larger=&#8220;no&#8220;]In der Fortsetzung des \u201eDeutschen Wochenendes\u201c In Vukovar gab es am Samstag, den 28. September, viele Teilnehmer<\/p>\n","protected":false},"author":3,"featured_media":2108,"comment_status":"closed","ping_status":"closed","sticky":false,"template":"","format":"standard","meta":{"footnotes":""},"categories":[14],"tags":[],"class_list":["post-2128","post","type-post","status-publish","format-standard","has-post-thumbnail","hentry","category-nachrichten"],"yoast_head":"<!-- This site is optimized with the Yoast SEO plugin v17.7.1 - https:\/\/yoast.com\/wordpress\/plugins\/seo\/ -->\n<title>SPASS BEIM 7. OKTOBERFEST IN VUKOVAR - Udruga Nijemaca i Austrijanaca Vukovar<\/title>\n<meta name=\"robots\" content=\"index, follow, max-snippet:-1, max-image-preview:large, max-video-preview:-1\" \/>\n<link rel=\"canonical\" href=\"https:\/\/www.uniavukovar.com\/de\/spass-beim-7-oktoberfest-in-vukovar\/\" \/>\n<meta property=\"og:locale\" content=\"de_DE\" \/>\n<meta property=\"og:type\" content=\"article\" \/>\n<meta property=\"og:title\" content=\"SPASS BEIM 7. OKTOBERFEST IN VUKOVAR - Udruga Nijemaca i Austrijanaca Vukovar\" \/>\n<meta property=\"og:description\" content=\"[vc_row][vc_column width=&#8220;1\/2&#8243;][vc_column_text woodmart_inline=&#8220;no&#8220; text_larger=&#8220;no&#8220;]In der Fortsetzung des \u201eDeutschen Wochenendes\u201c In Vukovar gab es am Samstag, den 28. September, viele Teilnehmer\" \/>\n<meta property=\"og:url\" content=\"https:\/\/www.uniavukovar.com\/de\/spass-beim-7-oktoberfest-in-vukovar\/\" \/>\n<meta property=\"og:site_name\" content=\"Udruga Nijemaca i Austrijanaca Vukovar\" \/>\n<meta property=\"article:publisher\" content=\"https:\/\/www.facebook.com\/Udruga-Nijemaca-i-Austrijanaca-Vukovar-VD%c3%96V-100966641842437\/\" \/>\n<meta property=\"article:published_time\" content=\"2024-10-01T08:08:37+00:00\" \/>\n<meta property=\"article:modified_time\" content=\"2024-12-15T20:40:03+00:00\" \/>\n<meta property=\"og:image\" content=\"https:\/\/www.uniavukovar.com\/wp-content\/uploads\/2024\/12\/1DEA8368.jpg\" \/>\n\t<meta property=\"og:image:width\" content=\"2362\" \/>\n\t<meta property=\"og:image:height\" content=\"1575\" \/>\n<meta name=\"twitter:card\" content=\"summary_large_image\" \/>\n<meta name=\"twitter:label1\" content=\"Verfasst von\" \/>\n\t<meta name=\"twitter:data1\" content=\"darko\" \/>\n\t<meta name=\"twitter:label2\" content=\"Gesch\u00e4tzte Lesezeit\" \/>\n\t<meta name=\"twitter:data2\" content=\"2\u00a0Minuten\" \/>\n<script type=\"application\/ld+json\" class=\"yoast-schema-graph\">{\"@context\":\"https:\/\/schema.org\",\"@graph\":[{\"@type\":\"Organization\",\"@id\":\"https:\/\/www.uniavukovar.com\/#organization\",\"name\":\"Udruga Nijemaca i Austrijanaca Vukovar\",\"url\":\"https:\/\/www.uniavukovar.com\/\",\"sameAs\":[\"https:\/\/www.facebook.com\/Udruga-Nijemaca-i-Austrijanaca-Vukovar-VD\\u00d6V-100966641842437\/\"],\"logo\":{\"@type\":\"ImageObject\",\"@id\":\"https:\/\/www.uniavukovar.com\/#logo\",\"inLanguage\":\"de\",\"url\":\"https:\/\/www.uniavukovar.com\/wp-content\/uploads\/2021\/12\/udruga_nijemaca_seo.png\",\"contentUrl\":\"https:\/\/www.uniavukovar.com\/wp-content\/uploads\/2021\/12\/udruga_nijemaca_seo.png\",\"width\":500,\"height\":300,\"caption\":\"Udruga Nijemaca i Austrijanaca Vukovar\"},\"image\":{\"@id\":\"https:\/\/www.uniavukovar.com\/#logo\"}},{\"@type\":\"WebSite\",\"@id\":\"https:\/\/www.uniavukovar.com\/#website\",\"url\":\"https:\/\/www.uniavukovar.com\/\",\"name\":\"Udruga Nijemaca i Austrijanaca Vukovar\",\"description\":\"Slu\\u017ebena web stranica udruge\",\"publisher\":{\"@id\":\"https:\/\/www.uniavukovar.com\/#organization\"},\"potentialAction\":[{\"@type\":\"SearchAction\",\"target\":{\"@type\":\"EntryPoint\",\"urlTemplate\":\"https:\/\/www.uniavukovar.com\/?s={search_term_string}\"},\"query-input\":\"required name=search_term_string\"}],\"inLanguage\":\"de\"},{\"@type\":\"ImageObject\",\"@id\":\"https:\/\/www.uniavukovar.com\/de\/spass-beim-7-oktoberfest-in-vukovar\/#primaryimage\",\"inLanguage\":\"de\",\"url\":\"https:\/\/www.uniavukovar.com\/wp-content\/uploads\/2024\/12\/1DEA8368.jpg\",\"contentUrl\":\"https:\/\/www.uniavukovar.com\/wp-content\/uploads\/2024\/12\/1DEA8368.jpg\",\"width\":2362,\"height\":1575},{\"@type\":\"WebPage\",\"@id\":\"https:\/\/www.uniavukovar.com\/de\/spass-beim-7-oktoberfest-in-vukovar\/#webpage\",\"url\":\"https:\/\/www.uniavukovar.com\/de\/spass-beim-7-oktoberfest-in-vukovar\/\",\"name\":\"SPASS BEIM 7. OKTOBERFEST IN VUKOVAR - Udruga Nijemaca i Austrijanaca Vukovar\",\"isPartOf\":{\"@id\":\"https:\/\/www.uniavukovar.com\/#website\"},\"primaryImageOfPage\":{\"@id\":\"https:\/\/www.uniavukovar.com\/de\/spass-beim-7-oktoberfest-in-vukovar\/#primaryimage\"},\"datePublished\":\"2024-10-01T08:08:37+00:00\",\"dateModified\":\"2024-12-15T20:40:03+00:00\",\"breadcrumb\":{\"@id\":\"https:\/\/www.uniavukovar.com\/de\/spass-beim-7-oktoberfest-in-vukovar\/#breadcrumb\"},\"inLanguage\":\"de\",\"potentialAction\":[{\"@type\":\"ReadAction\",\"target\":[\"https:\/\/www.uniavukovar.com\/de\/spass-beim-7-oktoberfest-in-vukovar\/\"]}]},{\"@type\":\"BreadcrumbList\",\"@id\":\"https:\/\/www.uniavukovar.com\/de\/spass-beim-7-oktoberfest-in-vukovar\/#breadcrumb\",\"itemListElement\":[{\"@type\":\"ListItem\",\"position\":1,\"name\":\"Po\\u010detna stranica\",\"item\":\"https:\/\/www.uniavukovar.com\/de\/\"},{\"@type\":\"ListItem\",\"position\":2,\"name\":\"SPASS BEIM 7. OKTOBERFEST IN VUKOVAR\"}]},{\"@type\":\"Article\",\"@id\":\"https:\/\/www.uniavukovar.com\/de\/spass-beim-7-oktoberfest-in-vukovar\/#article\",\"isPartOf\":{\"@id\":\"https:\/\/www.uniavukovar.com\/de\/spass-beim-7-oktoberfest-in-vukovar\/#webpage\"},\"author\":{\"@id\":\"https:\/\/www.uniavukovar.com\/#\/schema\/person\/833697ef9bb8eb8972997c7509022988\"},\"headline\":\"SPASS BEIM 7. OKTOBERFEST IN VUKOVAR\",\"datePublished\":\"2024-10-01T08:08:37+00:00\",\"dateModified\":\"2024-12-15T20:40:03+00:00\",\"mainEntityOfPage\":{\"@id\":\"https:\/\/www.uniavukovar.com\/de\/spass-beim-7-oktoberfest-in-vukovar\/#webpage\"},\"wordCount\":343,\"publisher\":{\"@id\":\"https:\/\/www.uniavukovar.com\/#organization\"},\"image\":{\"@id\":\"https:\/\/www.uniavukovar.com\/de\/spass-beim-7-oktoberfest-in-vukovar\/#primaryimage\"},\"thumbnailUrl\":\"https:\/\/www.uniavukovar.com\/wp-content\/uploads\/2024\/12\/1DEA8368.jpg\",\"articleSection\":[\"Nachrichten\"],\"inLanguage\":\"de\"},{\"@type\":\"Person\",\"@id\":\"https:\/\/www.uniavukovar.com\/#\/schema\/person\/833697ef9bb8eb8972997c7509022988\",\"name\":\"darko\",\"image\":{\"@type\":\"ImageObject\",\"@id\":\"https:\/\/www.uniavukovar.com\/#personlogo\",\"inLanguage\":\"de\",\"url\":\"https:\/\/secure.gravatar.com\/avatar\/cc0dd72d58c4017ba388eef3d167aff4beb2fa7142f3d1631e11ce558b99e225?s=96&d=mm&r=g\",\"contentUrl\":\"https:\/\/secure.gravatar.com\/avatar\/cc0dd72d58c4017ba388eef3d167aff4beb2fa7142f3d1631e11ce558b99e225?s=96&d=mm&r=g\",\"caption\":\"darko\"}}]}<\/script>\n<!-- \/ Yoast SEO plugin. -->","yoast_head_json":{"title":"SPASS BEIM 7. OKTOBERFEST IN VUKOVAR - Udruga Nijemaca i Austrijanaca Vukovar","robots":{"index":"index","follow":"follow","max-snippet":"max-snippet:-1","max-image-preview":"max-image-preview:large","max-video-preview":"max-video-preview:-1"},"canonical":"https:\/\/www.uniavukovar.com\/de\/spass-beim-7-oktoberfest-in-vukovar\/","og_locale":"de_DE","og_type":"article","og_title":"SPASS BEIM 7. OKTOBERFEST IN VUKOVAR - Udruga Nijemaca i Austrijanaca Vukovar","og_description":"[vc_row][vc_column width=&#8220;1\/2&#8243;][vc_column_text woodmart_inline=&#8220;no&#8220; text_larger=&#8220;no&#8220;]In der Fortsetzung des \u201eDeutschen Wochenendes\u201c In Vukovar gab es am Samstag, den 28. September, viele Teilnehmer","og_url":"https:\/\/www.uniavukovar.com\/de\/spass-beim-7-oktoberfest-in-vukovar\/","og_site_name":"Udruga Nijemaca i Austrijanaca Vukovar","article_publisher":"https:\/\/www.facebook.com\/Udruga-Nijemaca-i-Austrijanaca-Vukovar-VD%c3%96V-100966641842437\/","article_published_time":"2024-10-01T08:08:37+00:00","article_modified_time":"2024-12-15T20:40:03+00:00","og_image":[{"width":2362,"height":1575,"url":"https:\/\/www.uniavukovar.com\/wp-content\/uploads\/2024\/12\/1DEA8368.jpg","type":"image\/jpeg"}],"twitter_card":"summary_large_image","twitter_misc":{"Verfasst von":"darko","Gesch\u00e4tzte Lesezeit":"2\u00a0Minuten"},"schema":{"@context":"https:\/\/schema.org","@graph":[{"@type":"Organization","@id":"https:\/\/www.uniavukovar.com\/#organization","name":"Udruga Nijemaca i Austrijanaca Vukovar","url":"https:\/\/www.uniavukovar.com\/","sameAs":["https:\/\/www.facebook.com\/Udruga-Nijemaca-i-Austrijanaca-Vukovar-VD\u00d6V-100966641842437\/"],"logo":{"@type":"ImageObject","@id":"https:\/\/www.uniavukovar.com\/#logo","inLanguage":"de","url":"https:\/\/www.uniavukovar.com\/wp-content\/uploads\/2021\/12\/udruga_nijemaca_seo.png","contentUrl":"https:\/\/www.uniavukovar.com\/wp-content\/uploads\/2021\/12\/udruga_nijemaca_seo.png","width":500,"height":300,"caption":"Udruga Nijemaca i Austrijanaca Vukovar"},"image":{"@id":"https:\/\/www.uniavukovar.com\/#logo"}},{"@type":"WebSite","@id":"https:\/\/www.uniavukovar.com\/#website","url":"https:\/\/www.uniavukovar.com\/","name":"Udruga Nijemaca i Austrijanaca Vukovar","description":"Slu\u017ebena web stranica udruge","publisher":{"@id":"https:\/\/www.uniavukovar.com\/#organization"},"potentialAction":[{"@type":"SearchAction","target":{"@type":"EntryPoint","urlTemplate":"https:\/\/www.uniavukovar.com\/?s={search_term_string}"},"query-input":"required name=search_term_string"}],"inLanguage":"de"},{"@type":"ImageObject","@id":"https:\/\/www.uniavukovar.com\/de\/spass-beim-7-oktoberfest-in-vukovar\/#primaryimage","inLanguage":"de","url":"https:\/\/www.uniavukovar.com\/wp-content\/uploads\/2024\/12\/1DEA8368.jpg","contentUrl":"https:\/\/www.uniavukovar.com\/wp-content\/uploads\/2024\/12\/1DEA8368.jpg","width":2362,"height":1575},{"@type":"WebPage","@id":"https:\/\/www.uniavukovar.com\/de\/spass-beim-7-oktoberfest-in-vukovar\/#webpage","url":"https:\/\/www.uniavukovar.com\/de\/spass-beim-7-oktoberfest-in-vukovar\/","name":"SPASS BEIM 7. OKTOBERFEST IN VUKOVAR - Udruga Nijemaca i Austrijanaca Vukovar","isPartOf":{"@id":"https:\/\/www.uniavukovar.com\/#website"},"primaryImageOfPage":{"@id":"https:\/\/www.uniavukovar.com\/de\/spass-beim-7-oktoberfest-in-vukovar\/#primaryimage"},"datePublished":"2024-10-01T08:08:37+00:00","dateModified":"2024-12-15T20:40:03+00:00","breadcrumb":{"@id":"https:\/\/www.uniavukovar.com\/de\/spass-beim-7-oktoberfest-in-vukovar\/#breadcrumb"},"inLanguage":"de","potentialAction":[{"@type":"ReadAction","target":["https:\/\/www.uniavukovar.com\/de\/spass-beim-7-oktoberfest-in-vukovar\/"]}]},{"@type":"BreadcrumbList","@id":"https:\/\/www.uniavukovar.com\/de\/spass-beim-7-oktoberfest-in-vukovar\/#breadcrumb","itemListElement":[{"@type":"ListItem","position":1,"name":"Po\u010detna stranica","item":"https:\/\/www.uniavukovar.com\/de\/"},{"@type":"ListItem","position":2,"name":"SPASS BEIM 7. OKTOBERFEST IN VUKOVAR"}]},{"@type":"Article","@id":"https:\/\/www.uniavukovar.com\/de\/spass-beim-7-oktoberfest-in-vukovar\/#article","isPartOf":{"@id":"https:\/\/www.uniavukovar.com\/de\/spass-beim-7-oktoberfest-in-vukovar\/#webpage"},"author":{"@id":"https:\/\/www.uniavukovar.com\/#\/schema\/person\/833697ef9bb8eb8972997c7509022988"},"headline":"SPASS BEIM 7. OKTOBERFEST IN VUKOVAR","datePublished":"2024-10-01T08:08:37+00:00","dateModified":"2024-12-15T20:40:03+00:00","mainEntityOfPage":{"@id":"https:\/\/www.uniavukovar.com\/de\/spass-beim-7-oktoberfest-in-vukovar\/#webpage"},"wordCount":343,"publisher":{"@id":"https:\/\/www.uniavukovar.com\/#organization"},"image":{"@id":"https:\/\/www.uniavukovar.com\/de\/spass-beim-7-oktoberfest-in-vukovar\/#primaryimage"},"thumbnailUrl":"https:\/\/www.uniavukovar.com\/wp-content\/uploads\/2024\/12\/1DEA8368.jpg","articleSection":["Nachrichten"],"inLanguage":"de"},{"@type":"Person","@id":"https:\/\/www.uniavukovar.com\/#\/schema\/person\/833697ef9bb8eb8972997c7509022988","name":"darko","image":{"@type":"ImageObject","@id":"https:\/\/www.uniavukovar.com\/#personlogo","inLanguage":"de","url":"https:\/\/secure.gravatar.com\/avatar\/cc0dd72d58c4017ba388eef3d167aff4beb2fa7142f3d1631e11ce558b99e225?s=96&d=mm&r=g","contentUrl":"https:\/\/secure.gravatar.com\/avatar\/cc0dd72d58c4017ba388eef3d167aff4beb2fa7142f3d1631e11ce558b99e225?s=96&d=mm&r=g","caption":"darko"}}]}},"_links":{"self":[{"href":"https:\/\/www.uniavukovar.com\/de\/wp-json\/wp\/v2\/posts\/2128","targetHints":{"allow":["GET"]}}],"collection":[{"href":"https:\/\/www.uniavukovar.com\/de\/wp-json\/wp\/v2\/posts"}],"about":[{"href":"https:\/\/www.uniavukovar.com\/de\/wp-json\/wp\/v2\/types\/post"}],"author":[{"embeddable":true,"href":"https:\/\/www.uniavukovar.com\/de\/wp-json\/wp\/v2\/users\/3"}],"replies":[{"embeddable":true,"href":"https:\/\/www.uniavukovar.com\/de\/wp-json\/wp\/v2\/comments?post=2128"}],"version-history":[{"count":2,"href":"https:\/\/www.uniavukovar.com\/de\/wp-json\/wp\/v2\/posts\/2128\/revisions"}],"predecessor-version":[{"id":2156,"href":"https:\/\/www.uniavukovar.com\/de\/wp-json\/wp\/v2\/posts\/2128\/revisions\/2156"}],"wp:featuredmedia":[{"embeddable":true,"href":"https:\/\/www.uniavukovar.com\/de\/wp-json\/wp\/v2\/media\/2108"}],"wp:attachment":[{"href":"https:\/\/www.uniavukovar.com\/de\/wp-json\/wp\/v2\/media?parent=2128"}],"wp:term":[{"taxonomy":"category","embeddable":true,"href":"https:\/\/www.uniavukovar.com\/de\/wp-json\/wp\/v2\/categories?post=2128"},{"taxonomy":"post_tag","embeddable":true,"href":"https:\/\/www.uniavukovar.com\/de\/wp-json\/wp\/v2\/tags?post=2128"}],"curies":[{"name":"wp","href":"https:\/\/api.w.org\/{rel}","templated":true}]}}