{"id":2041,"date":"2024-08-29T13:48:49","date_gmt":"2024-08-29T11:48:49","guid":{"rendered":"https:\/\/www.uniavukovar.com\/?p=2041"},"modified":"2024-12-05T13:50:00","modified_gmt":"2024-12-05T12:50:00","slug":"18-filmfestival-vukovar","status":"publish","type":"post","link":"https:\/\/www.uniavukovar.com\/de\/18-filmfestival-vukovar\/","title":{"rendered":"18. Filmfestival Vukovar"},"content":{"rendered":"<p>[vc_row][vc_column width=&#8220;1\/2&#8243;][vc_column_text woodmart_inline=&#8220;no&#8220; text_larger=&#8220;no&#8220;]Filmfestival Vukovar 28.08.2024. feierte sein achtzehnj\u00e4hriges Bestehen mit musikalischen Darbietungen, gro\u00dfartigem Feuerwerk und vor allem hochwertigen Filmen junger einheimischer Autoren. Da das Festival offiziell erwachsen geworden ist, erwiesen sich der kurze Animationsfilm STRIBOR&#8217;S FOREST und der schwarzhumorige Thriller FRKA unter der Regie der jungen Kr\u00e4fte des kroatischen Filmemachens, Ana Despot und Svebor Mihael Jeli\u0107, als perfekt f\u00fcr diesen Anlass. Dass die Auswahl der Filme zur Er\u00f6ffnung des 18. Filmfestivals in der sch\u00f6nsten Stadt an der Donau ein Erfolg war, beweisen die Tatsache, dass der Eltz-Palast des Stadtmuseums Vukovar bis auf den letzten Platz gef\u00fcllt war, und der tosende Applaus des Publikums das folgte der Vorf\u00fchrung beider Titel.<br \/>\nDie Leitung des feierlichen Er\u00f6ffnungsprogramms \u00fcbernahm Karmela Vukov Coli\u0107, die nach einem kurzen Dankesch\u00f6n den Festivaldirektor Darko Puhari\u0107 auf die B\u00fchne rief, der sich mit einigen Worten an die Menge wandte, gefolgt von der Ansprache des deutschen Botschafters, Seiner Exzellenz Christian Hellbach, der seine gro\u00dfe Freude dar\u00fcber zum Ausdruck brachte, dass Deutschland das Partnerland des diesj\u00e4hrigen Festivals ist, das auch im offiziellen Wettbewerbs- und Begleitprogramm die meisten Filme aus diesem Land zeigen wird. Auch der stellvertretende B\u00fcrgermeister, Herr Filip Su\u0161ac, betrat die B\u00fchne und erkl\u00e4rte das Festival offiziell f\u00fcr er\u00f6ffnet, gefolgt von einem pr\u00e4chtigen Feuerwerk mit musikalischer Begleitung durch Sch\u00fcler der Musikschule der Dragutin-Tadijanovi\u0107-Grundschule, mit denen auch die Er\u00f6ffnungsfeier begann.[\/vc_column_text][\/vc_column][vc_column width=&#8220;1\/2&#8243;]\t\t\t<link rel=\"stylesheet\" id=\"wd-photoswipe-css\" href=\"https:\/\/www.uniavukovar.com\/wp-content\/themes\/woodmart\/css\/parts\/lib-photoswipe.min.css?ver=6.2.4\" type=\"text\/css\" media=\"all\" \/> \t\t\t\t\t\t<link rel=\"stylesheet\" id=\"wd-image-gallery-css\" href=\"https:\/\/www.uniavukovar.com\/wp-content\/themes\/woodmart\/css\/parts\/el-gallery.min.css?ver=6.2.4\" type=\"text\/css\" media=\"all\" \/> \t\t\t\t\t<div id=\"gallery_734\" class=\"wd-images-gallery wd-rs-67519ef17e478 wd-justify-center wd-items-middle view-grid photoswipe-images\" >\n\t\t\t<div class=\"gallery-images row wd-spacing-0\">\n\t\t\t\t\t\t\t\t\t\t\t\t\t\t\t<div class=\"wd-gallery-item col-md-4 col-6\">\n\t\t\t\t\t\t\t\t\t\t\t\t\t\t<a href=\"https:\/\/www.uniavukovar.com\/wp-content\/uploads\/2024\/12\/WhatsApp-Image-2024-12-05-at-13.47.03.jpeg\" data-elementor-open-lightbox=\"no\" data-index=\"1\" data-width=\"1200\" data-height=\"1600\"  >\n\t\t\t\t\t\t\t\t\n\t\t\t\t\t\t\t\t\t\t\t\t\t\t\t\t\t<img loading=\"lazy\" decoding=\"async\" width=\"225\" height=\"300\" src=\"https:\/\/www.uniavukovar.com\/wp-content\/uploads\/2024\/12\/WhatsApp-Image-2024-12-05-at-13.47.03-225x300.jpeg\" class=\"wd-gallery-image image-1 attachment-medium\" alt=\"\" srcset=\"https:\/\/www.uniavukovar.com\/wp-content\/uploads\/2024\/12\/WhatsApp-Image-2024-12-05-at-13.47.03-225x300.jpeg 225w, https:\/\/www.uniavukovar.com\/wp-content\/uploads\/2024\/12\/WhatsApp-Image-2024-12-05-at-13.47.03-768x1024.jpeg 768w, https:\/\/www.uniavukovar.com\/wp-content\/uploads\/2024\/12\/WhatsApp-Image-2024-12-05-at-13.47.03-1152x1536.jpeg 1152w, https:\/\/www.uniavukovar.com\/wp-content\/uploads\/2024\/12\/WhatsApp-Image-2024-12-05-at-13.47.03.jpeg 1200w\" sizes=\"auto, (max-width: 225px) 100vw, 225px\" \/>\t\t\t\t\t\t\t\t\n\n\t\t\t\t\t\t\t\t\t\t\t\t\t\t\t<\/a>\n\t\t\t\t\t\t\t\t\t\t\t\t<\/div>\n\t\t\t\t\t\t\t\t\t\t\t<div class=\"wd-gallery-item col-md-4 col-6\">\n\t\t\t\t\t\t\t\t\t\t\t\t\t\t<a href=\"https:\/\/www.uniavukovar.com\/wp-content\/uploads\/2024\/12\/WhatsApp-Image-2024-12-05-at-13.46.50.jpeg\" data-elementor-open-lightbox=\"no\" data-index=\"2\" data-width=\"1600\" data-height=\"1200\"  >\n\t\t\t\t\t\t\t\t\n\t\t\t\t\t\t\t\t\t\t\t\t\t\t\t\t\t<img loading=\"lazy\" decoding=\"async\" width=\"300\" height=\"225\" src=\"https:\/\/www.uniavukovar.com\/wp-content\/uploads\/2024\/12\/WhatsApp-Image-2024-12-05-at-13.46.50-300x225.jpeg\" class=\"wd-gallery-image image-2 attachment-medium\" alt=\"\" srcset=\"https:\/\/www.uniavukovar.com\/wp-content\/uploads\/2024\/12\/WhatsApp-Image-2024-12-05-at-13.46.50-300x225.jpeg 300w, https:\/\/www.uniavukovar.com\/wp-content\/uploads\/2024\/12\/WhatsApp-Image-2024-12-05-at-13.46.50-1024x768.jpeg 1024w, https:\/\/www.uniavukovar.com\/wp-content\/uploads\/2024\/12\/WhatsApp-Image-2024-12-05-at-13.46.50-768x576.jpeg 768w, https:\/\/www.uniavukovar.com\/wp-content\/uploads\/2024\/12\/WhatsApp-Image-2024-12-05-at-13.46.50-1536x1152.jpeg 1536w, https:\/\/www.uniavukovar.com\/wp-content\/uploads\/2024\/12\/WhatsApp-Image-2024-12-05-at-13.46.50.jpeg 1600w\" sizes=\"auto, (max-width: 300px) 100vw, 300px\" \/>\t\t\t\t\t\t\t\t\n\n\t\t\t\t\t\t\t\t\t\t\t\t\t\t\t<\/a>\n\t\t\t\t\t\t\t\t\t\t\t\t<\/div>\n\t\t\t\t\t\t\t\t\t\t\t<div class=\"wd-gallery-item col-md-4 col-6\">\n\t\t\t\t\t\t\t\t\t\t\t\t\t\t<a href=\"https:\/\/www.uniavukovar.com\/wp-content\/uploads\/2024\/12\/WhatsApp-Image-2024-12-05-at-13.46.37.jpeg\" data-elementor-open-lightbox=\"no\" data-index=\"3\" data-width=\"1600\" data-height=\"1200\"  >\n\t\t\t\t\t\t\t\t\n\t\t\t\t\t\t\t\t\t\t\t\t\t\t\t\t\t<img loading=\"lazy\" decoding=\"async\" width=\"300\" height=\"225\" src=\"https:\/\/www.uniavukovar.com\/wp-content\/uploads\/2024\/12\/WhatsApp-Image-2024-12-05-at-13.46.37-300x225.jpeg\" class=\"wd-gallery-image image-3 attachment-medium\" alt=\"\" srcset=\"https:\/\/www.uniavukovar.com\/wp-content\/uploads\/2024\/12\/WhatsApp-Image-2024-12-05-at-13.46.37-300x225.jpeg 300w, https:\/\/www.uniavukovar.com\/wp-content\/uploads\/2024\/12\/WhatsApp-Image-2024-12-05-at-13.46.37-1024x768.jpeg 1024w, https:\/\/www.uniavukovar.com\/wp-content\/uploads\/2024\/12\/WhatsApp-Image-2024-12-05-at-13.46.37-768x576.jpeg 768w, https:\/\/www.uniavukovar.com\/wp-content\/uploads\/2024\/12\/WhatsApp-Image-2024-12-05-at-13.46.37-1536x1152.jpeg 1536w, https:\/\/www.uniavukovar.com\/wp-content\/uploads\/2024\/12\/WhatsApp-Image-2024-12-05-at-13.46.37.jpeg 1600w\" sizes=\"auto, (max-width: 300px) 100vw, 300px\" \/>\t\t\t\t\t\t\t\t\n\n\t\t\t\t\t\t\t\t\t\t\t\t\t\t\t<\/a>\n\t\t\t\t\t\t\t\t\t\t\t\t<\/div>\n\t\t\t\t\t\t\t\t\t\t\t\t<\/div>\n\t\t<\/div>\n\t\t\t\t[\/vc_column][\/vc_row]<\/p>\n","protected":false},"excerpt":{"rendered":"<p>[vc_row][vc_column width=&#8220;1\/2&#8243;][vc_column_text woodmart_inline=&#8220;no&#8220; text_larger=&#8220;no&#8220;]Filmfestival Vukovar 28.08.2024. feierte sein achtzehnj\u00e4hriges Bestehen mit musikalischen Darbietungen, gro\u00dfartigem Feuerwerk und vor allem hochwertigen Filmen<\/p>\n","protected":false},"author":3,"featured_media":2044,"comment_status":"closed","ping_status":"closed","sticky":false,"template":"","format":"standard","meta":{"footnotes":""},"categories":[14],"tags":[],"class_list":["post-2041","post","type-post","status-publish","format-standard","has-post-thumbnail","hentry","category-nachrichten"],"yoast_head":"<!-- This site is optimized with the Yoast SEO plugin v17.7.1 - https:\/\/yoast.com\/wordpress\/plugins\/seo\/ -->\n<title>18. Filmfestival Vukovar - Udruga Nijemaca i Austrijanaca Vukovar<\/title>\n<meta name=\"robots\" content=\"index, follow, max-snippet:-1, max-image-preview:large, max-video-preview:-1\" \/>\n<link rel=\"canonical\" href=\"https:\/\/www.uniavukovar.com\/de\/18-filmfestival-vukovar\/\" \/>\n<meta property=\"og:locale\" content=\"de_DE\" \/>\n<meta property=\"og:type\" content=\"article\" \/>\n<meta property=\"og:title\" content=\"18. Filmfestival Vukovar - Udruga Nijemaca i Austrijanaca Vukovar\" \/>\n<meta property=\"og:description\" content=\"[vc_row][vc_column width=&#8220;1\/2&#8243;][vc_column_text woodmart_inline=&#8220;no&#8220; text_larger=&#8220;no&#8220;]Filmfestival Vukovar 28.08.2024. feierte sein achtzehnj\u00e4hriges Bestehen mit musikalischen Darbietungen, gro\u00dfartigem Feuerwerk und vor allem hochwertigen Filmen\" \/>\n<meta property=\"og:url\" content=\"https:\/\/www.uniavukovar.com\/de\/18-filmfestival-vukovar\/\" \/>\n<meta property=\"og:site_name\" content=\"Udruga Nijemaca i Austrijanaca Vukovar\" \/>\n<meta property=\"article:publisher\" content=\"https:\/\/www.facebook.com\/Udruga-Nijemaca-i-Austrijanaca-Vukovar-VD%c3%96V-100966641842437\/\" \/>\n<meta property=\"article:published_time\" content=\"2024-08-29T11:48:49+00:00\" \/>\n<meta property=\"article:modified_time\" content=\"2024-12-05T12:50:00+00:00\" \/>\n<meta property=\"og:image\" content=\"https:\/\/www.uniavukovar.com\/wp-content\/uploads\/2024\/12\/WhatsApp-Image-2024-12-05-at-13.46.50.jpeg\" \/>\n\t<meta property=\"og:image:width\" content=\"1600\" \/>\n\t<meta property=\"og:image:height\" content=\"1200\" \/>\n<meta name=\"twitter:card\" content=\"summary_large_image\" \/>\n<meta name=\"twitter:label1\" content=\"Verfasst von\" \/>\n\t<meta name=\"twitter:data1\" content=\"darko\" \/>\n\t<meta name=\"twitter:label2\" content=\"Gesch\u00e4tzte Lesezeit\" \/>\n\t<meta name=\"twitter:data2\" content=\"2\u00a0Minuten\" \/>\n<script type=\"application\/ld+json\" class=\"yoast-schema-graph\">{\"@context\":\"https:\/\/schema.org\",\"@graph\":[{\"@type\":\"Organization\",\"@id\":\"https:\/\/www.uniavukovar.com\/#organization\",\"name\":\"Udruga Nijemaca i Austrijanaca Vukovar\",\"url\":\"https:\/\/www.uniavukovar.com\/\",\"sameAs\":[\"https:\/\/www.facebook.com\/Udruga-Nijemaca-i-Austrijanaca-Vukovar-VD\\u00d6V-100966641842437\/\"],\"logo\":{\"@type\":\"ImageObject\",\"@id\":\"https:\/\/www.uniavukovar.com\/#logo\",\"inLanguage\":\"de\",\"url\":\"https:\/\/www.uniavukovar.com\/wp-content\/uploads\/2021\/12\/udruga_nijemaca_seo.png\",\"contentUrl\":\"https:\/\/www.uniavukovar.com\/wp-content\/uploads\/2021\/12\/udruga_nijemaca_seo.png\",\"width\":500,\"height\":300,\"caption\":\"Udruga Nijemaca i Austrijanaca Vukovar\"},\"image\":{\"@id\":\"https:\/\/www.uniavukovar.com\/#logo\"}},{\"@type\":\"WebSite\",\"@id\":\"https:\/\/www.uniavukovar.com\/#website\",\"url\":\"https:\/\/www.uniavukovar.com\/\",\"name\":\"Udruga Nijemaca i Austrijanaca Vukovar\",\"description\":\"Slu\\u017ebena web stranica udruge\",\"publisher\":{\"@id\":\"https:\/\/www.uniavukovar.com\/#organization\"},\"potentialAction\":[{\"@type\":\"SearchAction\",\"target\":{\"@type\":\"EntryPoint\",\"urlTemplate\":\"https:\/\/www.uniavukovar.com\/?s={search_term_string}\"},\"query-input\":\"required name=search_term_string\"}],\"inLanguage\":\"de\"},{\"@type\":\"ImageObject\",\"@id\":\"https:\/\/www.uniavukovar.com\/de\/18-filmfestival-vukovar\/#primaryimage\",\"inLanguage\":\"de\",\"url\":\"https:\/\/www.uniavukovar.com\/wp-content\/uploads\/2024\/12\/WhatsApp-Image-2024-12-05-at-13.46.50.jpeg\",\"contentUrl\":\"https:\/\/www.uniavukovar.com\/wp-content\/uploads\/2024\/12\/WhatsApp-Image-2024-12-05-at-13.46.50.jpeg\",\"width\":1600,\"height\":1200},{\"@type\":\"WebPage\",\"@id\":\"https:\/\/www.uniavukovar.com\/de\/18-filmfestival-vukovar\/#webpage\",\"url\":\"https:\/\/www.uniavukovar.com\/de\/18-filmfestival-vukovar\/\",\"name\":\"18. Filmfestival Vukovar - Udruga Nijemaca i Austrijanaca Vukovar\",\"isPartOf\":{\"@id\":\"https:\/\/www.uniavukovar.com\/#website\"},\"primaryImageOfPage\":{\"@id\":\"https:\/\/www.uniavukovar.com\/de\/18-filmfestival-vukovar\/#primaryimage\"},\"datePublished\":\"2024-08-29T11:48:49+00:00\",\"dateModified\":\"2024-12-05T12:50:00+00:00\",\"breadcrumb\":{\"@id\":\"https:\/\/www.uniavukovar.com\/de\/18-filmfestival-vukovar\/#breadcrumb\"},\"inLanguage\":\"de\",\"potentialAction\":[{\"@type\":\"ReadAction\",\"target\":[\"https:\/\/www.uniavukovar.com\/de\/18-filmfestival-vukovar\/\"]}]},{\"@type\":\"BreadcrumbList\",\"@id\":\"https:\/\/www.uniavukovar.com\/de\/18-filmfestival-vukovar\/#breadcrumb\",\"itemListElement\":[{\"@type\":\"ListItem\",\"position\":1,\"name\":\"Po\\u010detna stranica\",\"item\":\"https:\/\/www.uniavukovar.com\/de\/\"},{\"@type\":\"ListItem\",\"position\":2,\"name\":\"18. Filmfestival Vukovar\"}]},{\"@type\":\"Article\",\"@id\":\"https:\/\/www.uniavukovar.com\/de\/18-filmfestival-vukovar\/#article\",\"isPartOf\":{\"@id\":\"https:\/\/www.uniavukovar.com\/de\/18-filmfestival-vukovar\/#webpage\"},\"author\":{\"@id\":\"https:\/\/www.uniavukovar.com\/#\/schema\/person\/833697ef9bb8eb8972997c7509022988\"},\"headline\":\"18. Filmfestival Vukovar\",\"datePublished\":\"2024-08-29T11:48:49+00:00\",\"dateModified\":\"2024-12-05T12:50:00+00:00\",\"mainEntityOfPage\":{\"@id\":\"https:\/\/www.uniavukovar.com\/de\/18-filmfestival-vukovar\/#webpage\"},\"wordCount\":311,\"publisher\":{\"@id\":\"https:\/\/www.uniavukovar.com\/#organization\"},\"image\":{\"@id\":\"https:\/\/www.uniavukovar.com\/de\/18-filmfestival-vukovar\/#primaryimage\"},\"thumbnailUrl\":\"https:\/\/www.uniavukovar.com\/wp-content\/uploads\/2024\/12\/WhatsApp-Image-2024-12-05-at-13.46.50.jpeg\",\"articleSection\":[\"Nachrichten\"],\"inLanguage\":\"de\"},{\"@type\":\"Person\",\"@id\":\"https:\/\/www.uniavukovar.com\/#\/schema\/person\/833697ef9bb8eb8972997c7509022988\",\"name\":\"darko\",\"image\":{\"@type\":\"ImageObject\",\"@id\":\"https:\/\/www.uniavukovar.com\/#personlogo\",\"inLanguage\":\"de\",\"url\":\"https:\/\/secure.gravatar.com\/avatar\/cc0dd72d58c4017ba388eef3d167aff4beb2fa7142f3d1631e11ce558b99e225?s=96&d=mm&r=g\",\"contentUrl\":\"https:\/\/secure.gravatar.com\/avatar\/cc0dd72d58c4017ba388eef3d167aff4beb2fa7142f3d1631e11ce558b99e225?s=96&d=mm&r=g\",\"caption\":\"darko\"}}]}<\/script>\n<!-- \/ Yoast SEO plugin. -->","yoast_head_json":{"title":"18. Filmfestival Vukovar - Udruga Nijemaca i Austrijanaca Vukovar","robots":{"index":"index","follow":"follow","max-snippet":"max-snippet:-1","max-image-preview":"max-image-preview:large","max-video-preview":"max-video-preview:-1"},"canonical":"https:\/\/www.uniavukovar.com\/de\/18-filmfestival-vukovar\/","og_locale":"de_DE","og_type":"article","og_title":"18. Filmfestival Vukovar - Udruga Nijemaca i Austrijanaca Vukovar","og_description":"[vc_row][vc_column width=&#8220;1\/2&#8243;][vc_column_text woodmart_inline=&#8220;no&#8220; text_larger=&#8220;no&#8220;]Filmfestival Vukovar 28.08.2024. feierte sein achtzehnj\u00e4hriges Bestehen mit musikalischen Darbietungen, gro\u00dfartigem Feuerwerk und vor allem hochwertigen Filmen","og_url":"https:\/\/www.uniavukovar.com\/de\/18-filmfestival-vukovar\/","og_site_name":"Udruga Nijemaca i Austrijanaca Vukovar","article_publisher":"https:\/\/www.facebook.com\/Udruga-Nijemaca-i-Austrijanaca-Vukovar-VD%c3%96V-100966641842437\/","article_published_time":"2024-08-29T11:48:49+00:00","article_modified_time":"2024-12-05T12:50:00+00:00","og_image":[{"width":1600,"height":1200,"url":"https:\/\/www.uniavukovar.com\/wp-content\/uploads\/2024\/12\/WhatsApp-Image-2024-12-05-at-13.46.50.jpeg","type":"image\/jpeg"}],"twitter_card":"summary_large_image","twitter_misc":{"Verfasst von":"darko","Gesch\u00e4tzte Lesezeit":"2\u00a0Minuten"},"schema":{"@context":"https:\/\/schema.org","@graph":[{"@type":"Organization","@id":"https:\/\/www.uniavukovar.com\/#organization","name":"Udruga Nijemaca i Austrijanaca Vukovar","url":"https:\/\/www.uniavukovar.com\/","sameAs":["https:\/\/www.facebook.com\/Udruga-Nijemaca-i-Austrijanaca-Vukovar-VD\u00d6V-100966641842437\/"],"logo":{"@type":"ImageObject","@id":"https:\/\/www.uniavukovar.com\/#logo","inLanguage":"de","url":"https:\/\/www.uniavukovar.com\/wp-content\/uploads\/2021\/12\/udruga_nijemaca_seo.png","contentUrl":"https:\/\/www.uniavukovar.com\/wp-content\/uploads\/2021\/12\/udruga_nijemaca_seo.png","width":500,"height":300,"caption":"Udruga Nijemaca i Austrijanaca Vukovar"},"image":{"@id":"https:\/\/www.uniavukovar.com\/#logo"}},{"@type":"WebSite","@id":"https:\/\/www.uniavukovar.com\/#website","url":"https:\/\/www.uniavukovar.com\/","name":"Udruga Nijemaca i Austrijanaca Vukovar","description":"Slu\u017ebena web stranica udruge","publisher":{"@id":"https:\/\/www.uniavukovar.com\/#organization"},"potentialAction":[{"@type":"SearchAction","target":{"@type":"EntryPoint","urlTemplate":"https:\/\/www.uniavukovar.com\/?s={search_term_string}"},"query-input":"required name=search_term_string"}],"inLanguage":"de"},{"@type":"ImageObject","@id":"https:\/\/www.uniavukovar.com\/de\/18-filmfestival-vukovar\/#primaryimage","inLanguage":"de","url":"https:\/\/www.uniavukovar.com\/wp-content\/uploads\/2024\/12\/WhatsApp-Image-2024-12-05-at-13.46.50.jpeg","contentUrl":"https:\/\/www.uniavukovar.com\/wp-content\/uploads\/2024\/12\/WhatsApp-Image-2024-12-05-at-13.46.50.jpeg","width":1600,"height":1200},{"@type":"WebPage","@id":"https:\/\/www.uniavukovar.com\/de\/18-filmfestival-vukovar\/#webpage","url":"https:\/\/www.uniavukovar.com\/de\/18-filmfestival-vukovar\/","name":"18. Filmfestival Vukovar - Udruga Nijemaca i Austrijanaca Vukovar","isPartOf":{"@id":"https:\/\/www.uniavukovar.com\/#website"},"primaryImageOfPage":{"@id":"https:\/\/www.uniavukovar.com\/de\/18-filmfestival-vukovar\/#primaryimage"},"datePublished":"2024-08-29T11:48:49+00:00","dateModified":"2024-12-05T12:50:00+00:00","breadcrumb":{"@id":"https:\/\/www.uniavukovar.com\/de\/18-filmfestival-vukovar\/#breadcrumb"},"inLanguage":"de","potentialAction":[{"@type":"ReadAction","target":["https:\/\/www.uniavukovar.com\/de\/18-filmfestival-vukovar\/"]}]},{"@type":"BreadcrumbList","@id":"https:\/\/www.uniavukovar.com\/de\/18-filmfestival-vukovar\/#breadcrumb","itemListElement":[{"@type":"ListItem","position":1,"name":"Po\u010detna stranica","item":"https:\/\/www.uniavukovar.com\/de\/"},{"@type":"ListItem","position":2,"name":"18. Filmfestival Vukovar"}]},{"@type":"Article","@id":"https:\/\/www.uniavukovar.com\/de\/18-filmfestival-vukovar\/#article","isPartOf":{"@id":"https:\/\/www.uniavukovar.com\/de\/18-filmfestival-vukovar\/#webpage"},"author":{"@id":"https:\/\/www.uniavukovar.com\/#\/schema\/person\/833697ef9bb8eb8972997c7509022988"},"headline":"18. Filmfestival Vukovar","datePublished":"2024-08-29T11:48:49+00:00","dateModified":"2024-12-05T12:50:00+00:00","mainEntityOfPage":{"@id":"https:\/\/www.uniavukovar.com\/de\/18-filmfestival-vukovar\/#webpage"},"wordCount":311,"publisher":{"@id":"https:\/\/www.uniavukovar.com\/#organization"},"image":{"@id":"https:\/\/www.uniavukovar.com\/de\/18-filmfestival-vukovar\/#primaryimage"},"thumbnailUrl":"https:\/\/www.uniavukovar.com\/wp-content\/uploads\/2024\/12\/WhatsApp-Image-2024-12-05-at-13.46.50.jpeg","articleSection":["Nachrichten"],"inLanguage":"de"},{"@type":"Person","@id":"https:\/\/www.uniavukovar.com\/#\/schema\/person\/833697ef9bb8eb8972997c7509022988","name":"darko","image":{"@type":"ImageObject","@id":"https:\/\/www.uniavukovar.com\/#personlogo","inLanguage":"de","url":"https:\/\/secure.gravatar.com\/avatar\/cc0dd72d58c4017ba388eef3d167aff4beb2fa7142f3d1631e11ce558b99e225?s=96&d=mm&r=g","contentUrl":"https:\/\/secure.gravatar.com\/avatar\/cc0dd72d58c4017ba388eef3d167aff4beb2fa7142f3d1631e11ce558b99e225?s=96&d=mm&r=g","caption":"darko"}}]}},"_links":{"self":[{"href":"https:\/\/www.uniavukovar.com\/de\/wp-json\/wp\/v2\/posts\/2041","targetHints":{"allow":["GET"]}}],"collection":[{"href":"https:\/\/www.uniavukovar.com\/de\/wp-json\/wp\/v2\/posts"}],"about":[{"href":"https:\/\/www.uniavukovar.com\/de\/wp-json\/wp\/v2\/types\/post"}],"author":[{"embeddable":true,"href":"https:\/\/www.uniavukovar.com\/de\/wp-json\/wp\/v2\/users\/3"}],"replies":[{"embeddable":true,"href":"https:\/\/www.uniavukovar.com\/de\/wp-json\/wp\/v2\/comments?post=2041"}],"version-history":[{"count":1,"href":"https:\/\/www.uniavukovar.com\/de\/wp-json\/wp\/v2\/posts\/2041\/revisions"}],"predecessor-version":[{"id":2048,"href":"https:\/\/www.uniavukovar.com\/de\/wp-json\/wp\/v2\/posts\/2041\/revisions\/2048"}],"wp:featuredmedia":[{"embeddable":true,"href":"https:\/\/www.uniavukovar.com\/de\/wp-json\/wp\/v2\/media\/2044"}],"wp:attachment":[{"href":"https:\/\/www.uniavukovar.com\/de\/wp-json\/wp\/v2\/media?parent=2041"}],"wp:term":[{"taxonomy":"category","embeddable":true,"href":"https:\/\/www.uniavukovar.com\/de\/wp-json\/wp\/v2\/categories?post=2041"},{"taxonomy":"post_tag","embeddable":true,"href":"https:\/\/www.uniavukovar.com\/de\/wp-json\/wp\/v2\/tags?post=2041"}],"curies":[{"name":"wp","href":"https:\/\/api.w.org\/{rel}","templated":true}]}}