{"id":1985,"date":"2024-06-03T08:54:37","date_gmt":"2024-06-03T06:54:37","guid":{"rendered":"https:\/\/www.uniavukovar.com\/?p=1985"},"modified":"2024-06-07T08:59:50","modified_gmt":"2024-06-07T06:59:50","slug":"gugelhupf-fest-in-sremski-karlovci-2024","status":"publish","type":"post","link":"https:\/\/www.uniavukovar.com\/de\/gugelhupf-fest-in-sremski-karlovci-2024\/","title":{"rendered":"Gugelhupf Fest in Sremski Karlovci 2024."},"content":{"rendered":"<p>[vc_row][vc_column width=&#8220;1\/2&#8243;][vc_column_text woodmart_inline=&#8220;no&#8220; text_larger=&#8220;no&#8220;]Auch dieses Jahr nahmen wir am 2. Juni 2024. am traditionellen Gugelhupf-Fest in Sremski Karlovci, Serbien, teil.<br \/>\nUnser Chor Drei Rosen hatte einen erfolgreichen Auftritt.<br \/>\nDie heutige junge Vojvodina wei\u00df nicht einmal, dass ein erheblicher Teil der heutigen Kultur-, Wirtschafts-, Gesundheits- und anderen Institutionen der Vojvodina Region in direktem Zusammenhang mit der deutschen Kultur der fr\u00fcheren Zeit steht. Nat\u00fcrlich w\u00e4ren Sie noch \u00fcberraschter, wenn Sie erfahren w\u00fcrden, dass bis zum Zweiten Weltkrieg, also bis vor gerade einmal 70 Jahren, mehr als ein Drittel der Bev\u00f6lkerung deutscher ethnischer Herkunft (Donauschwaben) in der Vojvodina lebte.[\/vc_column_text][\/vc_column][vc_column width=&#8220;1\/2&#8243;]\t\t\t<link rel=\"stylesheet\" id=\"wd-photoswipe-css\" href=\"https:\/\/www.uniavukovar.com\/wp-content\/themes\/woodmart\/css\/parts\/lib-photoswipe.min.css?ver=6.2.4\" type=\"text\/css\" media=\"all\" \/> \t\t\t\t\t\t<link rel=\"stylesheet\" id=\"wd-image-gallery-css\" href=\"https:\/\/www.uniavukovar.com\/wp-content\/themes\/woodmart\/css\/parts\/el-gallery.min.css?ver=6.2.4\" type=\"text\/css\" media=\"all\" \/> \t\t\t\t\t<div id=\"gallery_903\" class=\"wd-images-gallery wd-rs-6662afb14ba00 wd-justify-center wd-items-middle view-grid photoswipe-images\" >\n\t\t\t<div class=\"gallery-images row wd-spacing-0\">\n\t\t\t\t\t\t\t\t\t\t\t\t\t\t\t<div class=\"wd-gallery-item col-md-4 col-6\">\n\t\t\t\t\t\t\t\t\t\t\t\t\t\t<a href=\"https:\/\/www.uniavukovar.com\/wp-content\/uploads\/2024\/06\/1-1.jpg\" data-elementor-open-lightbox=\"no\" data-index=\"1\" data-width=\"1600\" data-height=\"1200\"  >\n\t\t\t\t\t\t\t\t\n\t\t\t\t\t\t\t\t\t\t\t\t\t\t\t\t\t<img loading=\"lazy\" decoding=\"async\" width=\"1024\" height=\"768\" src=\"https:\/\/www.uniavukovar.com\/wp-content\/uploads\/2024\/06\/1-1-1024x768.jpg\" class=\"wd-gallery-image image-1 attachment-large\" alt=\"\" srcset=\"https:\/\/www.uniavukovar.com\/wp-content\/uploads\/2024\/06\/1-1-1024x768.jpg 1024w, https:\/\/www.uniavukovar.com\/wp-content\/uploads\/2024\/06\/1-1-300x225.jpg 300w, https:\/\/www.uniavukovar.com\/wp-content\/uploads\/2024\/06\/1-1-768x576.jpg 768w, https:\/\/www.uniavukovar.com\/wp-content\/uploads\/2024\/06\/1-1-1536x1152.jpg 1536w, https:\/\/www.uniavukovar.com\/wp-content\/uploads\/2024\/06\/1-1.jpg 1600w\" sizes=\"auto, (max-width: 1024px) 100vw, 1024px\" \/>\t\t\t\t\t\t\t\t\n\n\t\t\t\t\t\t\t\t\t\t\t\t\t\t\t<\/a>\n\t\t\t\t\t\t\t\t\t\t\t\t<\/div>\n\t\t\t\t\t\t\t\t\t\t\t<div class=\"wd-gallery-item col-md-4 col-6\">\n\t\t\t\t\t\t\t\t\t\t\t\t\t\t<a href=\"https:\/\/www.uniavukovar.com\/wp-content\/uploads\/2024\/06\/2-1.jpg\" data-elementor-open-lightbox=\"no\" data-index=\"2\" data-width=\"1600\" data-height=\"1200\"  >\n\t\t\t\t\t\t\t\t\n\t\t\t\t\t\t\t\t\t\t\t\t\t\t\t\t\t<img loading=\"lazy\" decoding=\"async\" width=\"1024\" height=\"768\" src=\"https:\/\/www.uniavukovar.com\/wp-content\/uploads\/2024\/06\/2-1-1024x768.jpg\" class=\"wd-gallery-image image-2 attachment-large\" alt=\"\" srcset=\"https:\/\/www.uniavukovar.com\/wp-content\/uploads\/2024\/06\/2-1-1024x768.jpg 1024w, https:\/\/www.uniavukovar.com\/wp-content\/uploads\/2024\/06\/2-1-300x225.jpg 300w, https:\/\/www.uniavukovar.com\/wp-content\/uploads\/2024\/06\/2-1-768x576.jpg 768w, https:\/\/www.uniavukovar.com\/wp-content\/uploads\/2024\/06\/2-1-1536x1152.jpg 1536w, https:\/\/www.uniavukovar.com\/wp-content\/uploads\/2024\/06\/2-1.jpg 1600w\" sizes=\"auto, (max-width: 1024px) 100vw, 1024px\" \/>\t\t\t\t\t\t\t\t\n\n\t\t\t\t\t\t\t\t\t\t\t\t\t\t\t<\/a>\n\t\t\t\t\t\t\t\t\t\t\t\t<\/div>\n\t\t\t\t\t\t\t\t\t\t\t<div class=\"wd-gallery-item col-md-4 col-6\">\n\t\t\t\t\t\t\t\t\t\t\t\t\t\t<a href=\"https:\/\/www.uniavukovar.com\/wp-content\/uploads\/2024\/06\/3-1.jpg\" data-elementor-open-lightbox=\"no\" data-index=\"3\" data-width=\"1600\" data-height=\"1200\"  >\n\t\t\t\t\t\t\t\t\n\t\t\t\t\t\t\t\t\t\t\t\t\t\t\t\t\t<img loading=\"lazy\" decoding=\"async\" width=\"1024\" height=\"768\" src=\"https:\/\/www.uniavukovar.com\/wp-content\/uploads\/2024\/06\/3-1-1024x768.jpg\" class=\"wd-gallery-image image-3 attachment-large\" alt=\"\" srcset=\"https:\/\/www.uniavukovar.com\/wp-content\/uploads\/2024\/06\/3-1-1024x768.jpg 1024w, https:\/\/www.uniavukovar.com\/wp-content\/uploads\/2024\/06\/3-1-300x225.jpg 300w, https:\/\/www.uniavukovar.com\/wp-content\/uploads\/2024\/06\/3-1-768x576.jpg 768w, https:\/\/www.uniavukovar.com\/wp-content\/uploads\/2024\/06\/3-1-1536x1152.jpg 1536w, https:\/\/www.uniavukovar.com\/wp-content\/uploads\/2024\/06\/3-1.jpg 1600w\" sizes=\"auto, (max-width: 1024px) 100vw, 1024px\" \/>\t\t\t\t\t\t\t\t\n\n\t\t\t\t\t\t\t\t\t\t\t\t\t\t\t<\/a>\n\t\t\t\t\t\t\t\t\t\t\t\t<\/div>\n\t\t\t\t\t\t\t\t\t\t\t<div class=\"wd-gallery-item col-md-4 col-6\">\n\t\t\t\t\t\t\t\t\t\t\t\t\t\t<a href=\"https:\/\/www.uniavukovar.com\/wp-content\/uploads\/2024\/06\/4-1.jpg\" data-elementor-open-lightbox=\"no\" data-index=\"4\" data-width=\"1200\" data-height=\"1600\"  >\n\t\t\t\t\t\t\t\t\n\t\t\t\t\t\t\t\t\t\t\t\t\t\t\t\t\t<img loading=\"lazy\" decoding=\"async\" width=\"768\" height=\"1024\" src=\"https:\/\/www.uniavukovar.com\/wp-content\/uploads\/2024\/06\/4-1-768x1024.jpg\" class=\"wd-gallery-image image-4 attachment-large\" alt=\"\" srcset=\"https:\/\/www.uniavukovar.com\/wp-content\/uploads\/2024\/06\/4-1-768x1024.jpg 768w, https:\/\/www.uniavukovar.com\/wp-content\/uploads\/2024\/06\/4-1-225x300.jpg 225w, https:\/\/www.uniavukovar.com\/wp-content\/uploads\/2024\/06\/4-1-1152x1536.jpg 1152w, https:\/\/www.uniavukovar.com\/wp-content\/uploads\/2024\/06\/4-1.jpg 1200w\" sizes=\"auto, (max-width: 768px) 100vw, 768px\" \/>\t\t\t\t\t\t\t\t\n\n\t\t\t\t\t\t\t\t\t\t\t\t\t\t\t<\/a>\n\t\t\t\t\t\t\t\t\t\t\t\t<\/div>\n\t\t\t\t\t\t\t\t\t\t\t<div class=\"wd-gallery-item col-md-4 col-6\">\n\t\t\t\t\t\t\t\t\t\t\t\t\t\t<a href=\"https:\/\/www.uniavukovar.com\/wp-content\/uploads\/2024\/06\/5-1.jpg\" data-elementor-open-lightbox=\"no\" data-index=\"5\" data-width=\"1600\" data-height=\"1200\"  >\n\t\t\t\t\t\t\t\t\n\t\t\t\t\t\t\t\t\t\t\t\t\t\t\t\t\t<img loading=\"lazy\" decoding=\"async\" width=\"1024\" height=\"768\" src=\"https:\/\/www.uniavukovar.com\/wp-content\/uploads\/2024\/06\/5-1-1024x768.jpg\" class=\"wd-gallery-image image-5 attachment-large\" alt=\"\" srcset=\"https:\/\/www.uniavukovar.com\/wp-content\/uploads\/2024\/06\/5-1-1024x768.jpg 1024w, https:\/\/www.uniavukovar.com\/wp-content\/uploads\/2024\/06\/5-1-300x225.jpg 300w, https:\/\/www.uniavukovar.com\/wp-content\/uploads\/2024\/06\/5-1-768x576.jpg 768w, https:\/\/www.uniavukovar.com\/wp-content\/uploads\/2024\/06\/5-1-1536x1152.jpg 1536w, https:\/\/www.uniavukovar.com\/wp-content\/uploads\/2024\/06\/5-1.jpg 1600w\" sizes=\"auto, (max-width: 1024px) 100vw, 1024px\" \/>\t\t\t\t\t\t\t\t\n\n\t\t\t\t\t\t\t\t\t\t\t\t\t\t\t<\/a>\n\t\t\t\t\t\t\t\t\t\t\t\t<\/div>\n\t\t\t\t\t\t\t\t\t\t\t<div class=\"wd-gallery-item col-md-4 col-6\">\n\t\t\t\t\t\t\t\t\t\t\t\t\t\t<a href=\"https:\/\/www.uniavukovar.com\/wp-content\/uploads\/2024\/06\/6-1.jpg\" data-elementor-open-lightbox=\"no\" data-index=\"6\" data-width=\"1192\" data-height=\"1601\"  >\n\t\t\t\t\t\t\t\t\n\t\t\t\t\t\t\t\t\t\t\t\t\t\t\t\t\t<img loading=\"lazy\" decoding=\"async\" width=\"762\" height=\"1024\" src=\"https:\/\/www.uniavukovar.com\/wp-content\/uploads\/2024\/06\/6-1-762x1024.jpg\" class=\"wd-gallery-image image-6 attachment-large\" alt=\"\" srcset=\"https:\/\/www.uniavukovar.com\/wp-content\/uploads\/2024\/06\/6-1-762x1024.jpg 762w, https:\/\/www.uniavukovar.com\/wp-content\/uploads\/2024\/06\/6-1-223x300.jpg 223w, https:\/\/www.uniavukovar.com\/wp-content\/uploads\/2024\/06\/6-1-768x1032.jpg 768w, https:\/\/www.uniavukovar.com\/wp-content\/uploads\/2024\/06\/6-1-1144x1536.jpg 1144w, https:\/\/www.uniavukovar.com\/wp-content\/uploads\/2024\/06\/6-1.jpg 1192w\" sizes=\"auto, (max-width: 762px) 100vw, 762px\" \/>\t\t\t\t\t\t\t\t\n\n\t\t\t\t\t\t\t\t\t\t\t\t\t\t\t<\/a>\n\t\t\t\t\t\t\t\t\t\t\t\t<\/div>\n\t\t\t\t\t\t\t\t\t\t\t<div class=\"wd-gallery-item col-md-4 col-6\">\n\t\t\t\t\t\t\t\t\t\t\t\t\t\t<a href=\"https:\/\/www.uniavukovar.com\/wp-content\/uploads\/2024\/06\/7.jpg\" data-elementor-open-lightbox=\"no\" data-index=\"7\" data-width=\"1280\" data-height=\"1600\"  >\n\t\t\t\t\t\t\t\t\n\t\t\t\t\t\t\t\t\t\t\t\t\t\t\t\t\t<img loading=\"lazy\" decoding=\"async\" width=\"819\" height=\"1024\" src=\"https:\/\/www.uniavukovar.com\/wp-content\/uploads\/2024\/06\/7-819x1024.jpg\" class=\"wd-gallery-image image-7 attachment-large\" alt=\"\" srcset=\"https:\/\/www.uniavukovar.com\/wp-content\/uploads\/2024\/06\/7-819x1024.jpg 819w, https:\/\/www.uniavukovar.com\/wp-content\/uploads\/2024\/06\/7-240x300.jpg 240w, https:\/\/www.uniavukovar.com\/wp-content\/uploads\/2024\/06\/7-768x960.jpg 768w, https:\/\/www.uniavukovar.com\/wp-content\/uploads\/2024\/06\/7-1229x1536.jpg 1229w, https:\/\/www.uniavukovar.com\/wp-content\/uploads\/2024\/06\/7.jpg 1280w\" sizes=\"auto, (max-width: 819px) 100vw, 819px\" \/>\t\t\t\t\t\t\t\t\n\n\t\t\t\t\t\t\t\t\t\t\t\t\t\t\t<\/a>\n\t\t\t\t\t\t\t\t\t\t\t\t<\/div>\n\t\t\t\t\t\t\t\t\t\t\t\t<\/div>\n\t\t<\/div>\n\t\t\t\t[\/vc_column][\/vc_row]<\/p>\n","protected":false},"excerpt":{"rendered":"<p>[vc_row][vc_column width=&#8220;1\/2&#8243;][vc_column_text woodmart_inline=&#8220;no&#8220; text_larger=&#8220;no&#8220;]Auch dieses Jahr nahmen wir am 2. Juni 2024. am traditionellen Gugelhupf-Fest in Sremski Karlovci, Serbien, teil.<\/p>\n","protected":false},"author":3,"featured_media":1998,"comment_status":"closed","ping_status":"closed","sticky":false,"template":"","format":"standard","meta":{"footnotes":""},"categories":[14],"tags":[],"class_list":["post-1985","post","type-post","status-publish","format-standard","has-post-thumbnail","hentry","category-nachrichten"],"yoast_head":"<!-- This site is optimized with the Yoast SEO plugin v17.7.1 - https:\/\/yoast.com\/wordpress\/plugins\/seo\/ -->\n<title>Gugelhupf Fest in Sremski Karlovci 2024. - Udruga Nijemaca i Austrijanaca Vukovar<\/title>\n<meta name=\"robots\" content=\"index, follow, max-snippet:-1, max-image-preview:large, max-video-preview:-1\" \/>\n<link rel=\"canonical\" href=\"https:\/\/www.uniavukovar.com\/de\/gugelhupf-fest-in-sremski-karlovci-2024\/\" \/>\n<meta property=\"og:locale\" content=\"de_DE\" \/>\n<meta property=\"og:type\" content=\"article\" \/>\n<meta property=\"og:title\" content=\"Gugelhupf Fest in Sremski Karlovci 2024. - Udruga Nijemaca i Austrijanaca Vukovar\" \/>\n<meta property=\"og:description\" content=\"[vc_row][vc_column width=&#8220;1\/2&#8243;][vc_column_text woodmart_inline=&#8220;no&#8220; text_larger=&#8220;no&#8220;]Auch dieses Jahr nahmen wir am 2. Juni 2024. am traditionellen Gugelhupf-Fest in Sremski Karlovci, Serbien, teil.\" \/>\n<meta property=\"og:url\" content=\"https:\/\/www.uniavukovar.com\/de\/gugelhupf-fest-in-sremski-karlovci-2024\/\" \/>\n<meta property=\"og:site_name\" content=\"Udruga Nijemaca i Austrijanaca Vukovar\" \/>\n<meta property=\"article:publisher\" content=\"https:\/\/www.facebook.com\/Udruga-Nijemaca-i-Austrijanaca-Vukovar-VD%c3%96V-100966641842437\/\" \/>\n<meta property=\"article:published_time\" content=\"2024-06-03T06:54:37+00:00\" \/>\n<meta property=\"article:modified_time\" content=\"2024-06-07T06:59:50+00:00\" \/>\n<meta property=\"og:image\" content=\"https:\/\/www.uniavukovar.com\/wp-content\/uploads\/2024\/06\/7.jpg\" \/>\n\t<meta property=\"og:image:width\" content=\"1280\" \/>\n\t<meta property=\"og:image:height\" content=\"1600\" \/>\n<meta name=\"twitter:card\" content=\"summary_large_image\" \/>\n<meta name=\"twitter:label1\" content=\"Verfasst von\" \/>\n\t<meta name=\"twitter:data1\" content=\"darko\" \/>\n\t<meta name=\"twitter:label2\" content=\"Gesch\u00e4tzte Lesezeit\" \/>\n\t<meta name=\"twitter:data2\" content=\"1\u00a0Minute\" \/>\n<script type=\"application\/ld+json\" class=\"yoast-schema-graph\">{\"@context\":\"https:\/\/schema.org\",\"@graph\":[{\"@type\":\"Organization\",\"@id\":\"https:\/\/www.uniavukovar.com\/#organization\",\"name\":\"Udruga Nijemaca i Austrijanaca Vukovar\",\"url\":\"https:\/\/www.uniavukovar.com\/\",\"sameAs\":[\"https:\/\/www.facebook.com\/Udruga-Nijemaca-i-Austrijanaca-Vukovar-VD\\u00d6V-100966641842437\/\"],\"logo\":{\"@type\":\"ImageObject\",\"@id\":\"https:\/\/www.uniavukovar.com\/#logo\",\"inLanguage\":\"de\",\"url\":\"https:\/\/www.uniavukovar.com\/wp-content\/uploads\/2021\/12\/udruga_nijemaca_seo.png\",\"contentUrl\":\"https:\/\/www.uniavukovar.com\/wp-content\/uploads\/2021\/12\/udruga_nijemaca_seo.png\",\"width\":500,\"height\":300,\"caption\":\"Udruga Nijemaca i Austrijanaca Vukovar\"},\"image\":{\"@id\":\"https:\/\/www.uniavukovar.com\/#logo\"}},{\"@type\":\"WebSite\",\"@id\":\"https:\/\/www.uniavukovar.com\/#website\",\"url\":\"https:\/\/www.uniavukovar.com\/\",\"name\":\"Udruga Nijemaca i Austrijanaca Vukovar\",\"description\":\"Slu\\u017ebena web stranica udruge\",\"publisher\":{\"@id\":\"https:\/\/www.uniavukovar.com\/#organization\"},\"potentialAction\":[{\"@type\":\"SearchAction\",\"target\":{\"@type\":\"EntryPoint\",\"urlTemplate\":\"https:\/\/www.uniavukovar.com\/?s={search_term_string}\"},\"query-input\":\"required name=search_term_string\"}],\"inLanguage\":\"de\"},{\"@type\":\"ImageObject\",\"@id\":\"https:\/\/www.uniavukovar.com\/de\/gugelhupf-fest-in-sremski-karlovci-2024\/#primaryimage\",\"inLanguage\":\"de\",\"url\":\"https:\/\/www.uniavukovar.com\/wp-content\/uploads\/2024\/06\/7.jpg\",\"contentUrl\":\"https:\/\/www.uniavukovar.com\/wp-content\/uploads\/2024\/06\/7.jpg\",\"width\":1280,\"height\":1600},{\"@type\":\"WebPage\",\"@id\":\"https:\/\/www.uniavukovar.com\/de\/gugelhupf-fest-in-sremski-karlovci-2024\/#webpage\",\"url\":\"https:\/\/www.uniavukovar.com\/de\/gugelhupf-fest-in-sremski-karlovci-2024\/\",\"name\":\"Gugelhupf Fest in Sremski Karlovci 2024. - Udruga Nijemaca i Austrijanaca Vukovar\",\"isPartOf\":{\"@id\":\"https:\/\/www.uniavukovar.com\/#website\"},\"primaryImageOfPage\":{\"@id\":\"https:\/\/www.uniavukovar.com\/de\/gugelhupf-fest-in-sremski-karlovci-2024\/#primaryimage\"},\"datePublished\":\"2024-06-03T06:54:37+00:00\",\"dateModified\":\"2024-06-07T06:59:50+00:00\",\"breadcrumb\":{\"@id\":\"https:\/\/www.uniavukovar.com\/de\/gugelhupf-fest-in-sremski-karlovci-2024\/#breadcrumb\"},\"inLanguage\":\"de\",\"potentialAction\":[{\"@type\":\"ReadAction\",\"target\":[\"https:\/\/www.uniavukovar.com\/de\/gugelhupf-fest-in-sremski-karlovci-2024\/\"]}]},{\"@type\":\"BreadcrumbList\",\"@id\":\"https:\/\/www.uniavukovar.com\/de\/gugelhupf-fest-in-sremski-karlovci-2024\/#breadcrumb\",\"itemListElement\":[{\"@type\":\"ListItem\",\"position\":1,\"name\":\"Po\\u010detna stranica\",\"item\":\"https:\/\/www.uniavukovar.com\/de\/\"},{\"@type\":\"ListItem\",\"position\":2,\"name\":\"Gugelhupf Fest in Sremski Karlovci 2024.\"}]},{\"@type\":\"Article\",\"@id\":\"https:\/\/www.uniavukovar.com\/de\/gugelhupf-fest-in-sremski-karlovci-2024\/#article\",\"isPartOf\":{\"@id\":\"https:\/\/www.uniavukovar.com\/de\/gugelhupf-fest-in-sremski-karlovci-2024\/#webpage\"},\"author\":{\"@id\":\"https:\/\/www.uniavukovar.com\/#\/schema\/person\/833697ef9bb8eb8972997c7509022988\"},\"headline\":\"Gugelhupf Fest in Sremski Karlovci 2024.\",\"datePublished\":\"2024-06-03T06:54:37+00:00\",\"dateModified\":\"2024-06-07T06:59:50+00:00\",\"mainEntityOfPage\":{\"@id\":\"https:\/\/www.uniavukovar.com\/de\/gugelhupf-fest-in-sremski-karlovci-2024\/#webpage\"},\"wordCount\":172,\"publisher\":{\"@id\":\"https:\/\/www.uniavukovar.com\/#organization\"},\"image\":{\"@id\":\"https:\/\/www.uniavukovar.com\/de\/gugelhupf-fest-in-sremski-karlovci-2024\/#primaryimage\"},\"thumbnailUrl\":\"https:\/\/www.uniavukovar.com\/wp-content\/uploads\/2024\/06\/7.jpg\",\"articleSection\":[\"Nachrichten\"],\"inLanguage\":\"de\"},{\"@type\":\"Person\",\"@id\":\"https:\/\/www.uniavukovar.com\/#\/schema\/person\/833697ef9bb8eb8972997c7509022988\",\"name\":\"darko\",\"image\":{\"@type\":\"ImageObject\",\"@id\":\"https:\/\/www.uniavukovar.com\/#personlogo\",\"inLanguage\":\"de\",\"url\":\"https:\/\/secure.gravatar.com\/avatar\/cc0dd72d58c4017ba388eef3d167aff4beb2fa7142f3d1631e11ce558b99e225?s=96&d=mm&r=g\",\"contentUrl\":\"https:\/\/secure.gravatar.com\/avatar\/cc0dd72d58c4017ba388eef3d167aff4beb2fa7142f3d1631e11ce558b99e225?s=96&d=mm&r=g\",\"caption\":\"darko\"}}]}<\/script>\n<!-- \/ Yoast SEO plugin. -->","yoast_head_json":{"title":"Gugelhupf Fest in Sremski Karlovci 2024. - Udruga Nijemaca i Austrijanaca Vukovar","robots":{"index":"index","follow":"follow","max-snippet":"max-snippet:-1","max-image-preview":"max-image-preview:large","max-video-preview":"max-video-preview:-1"},"canonical":"https:\/\/www.uniavukovar.com\/de\/gugelhupf-fest-in-sremski-karlovci-2024\/","og_locale":"de_DE","og_type":"article","og_title":"Gugelhupf Fest in Sremski Karlovci 2024. - Udruga Nijemaca i Austrijanaca Vukovar","og_description":"[vc_row][vc_column width=&#8220;1\/2&#8243;][vc_column_text woodmart_inline=&#8220;no&#8220; text_larger=&#8220;no&#8220;]Auch dieses Jahr nahmen wir am 2. Juni 2024. am traditionellen Gugelhupf-Fest in Sremski Karlovci, Serbien, teil.","og_url":"https:\/\/www.uniavukovar.com\/de\/gugelhupf-fest-in-sremski-karlovci-2024\/","og_site_name":"Udruga Nijemaca i Austrijanaca Vukovar","article_publisher":"https:\/\/www.facebook.com\/Udruga-Nijemaca-i-Austrijanaca-Vukovar-VD%c3%96V-100966641842437\/","article_published_time":"2024-06-03T06:54:37+00:00","article_modified_time":"2024-06-07T06:59:50+00:00","og_image":[{"width":1280,"height":1600,"url":"https:\/\/www.uniavukovar.com\/wp-content\/uploads\/2024\/06\/7.jpg","type":"image\/jpeg"}],"twitter_card":"summary_large_image","twitter_misc":{"Verfasst von":"darko","Gesch\u00e4tzte Lesezeit":"1\u00a0Minute"},"schema":{"@context":"https:\/\/schema.org","@graph":[{"@type":"Organization","@id":"https:\/\/www.uniavukovar.com\/#organization","name":"Udruga Nijemaca i Austrijanaca Vukovar","url":"https:\/\/www.uniavukovar.com\/","sameAs":["https:\/\/www.facebook.com\/Udruga-Nijemaca-i-Austrijanaca-Vukovar-VD\u00d6V-100966641842437\/"],"logo":{"@type":"ImageObject","@id":"https:\/\/www.uniavukovar.com\/#logo","inLanguage":"de","url":"https:\/\/www.uniavukovar.com\/wp-content\/uploads\/2021\/12\/udruga_nijemaca_seo.png","contentUrl":"https:\/\/www.uniavukovar.com\/wp-content\/uploads\/2021\/12\/udruga_nijemaca_seo.png","width":500,"height":300,"caption":"Udruga Nijemaca i Austrijanaca Vukovar"},"image":{"@id":"https:\/\/www.uniavukovar.com\/#logo"}},{"@type":"WebSite","@id":"https:\/\/www.uniavukovar.com\/#website","url":"https:\/\/www.uniavukovar.com\/","name":"Udruga Nijemaca i Austrijanaca Vukovar","description":"Slu\u017ebena web stranica udruge","publisher":{"@id":"https:\/\/www.uniavukovar.com\/#organization"},"potentialAction":[{"@type":"SearchAction","target":{"@type":"EntryPoint","urlTemplate":"https:\/\/www.uniavukovar.com\/?s={search_term_string}"},"query-input":"required name=search_term_string"}],"inLanguage":"de"},{"@type":"ImageObject","@id":"https:\/\/www.uniavukovar.com\/de\/gugelhupf-fest-in-sremski-karlovci-2024\/#primaryimage","inLanguage":"de","url":"https:\/\/www.uniavukovar.com\/wp-content\/uploads\/2024\/06\/7.jpg","contentUrl":"https:\/\/www.uniavukovar.com\/wp-content\/uploads\/2024\/06\/7.jpg","width":1280,"height":1600},{"@type":"WebPage","@id":"https:\/\/www.uniavukovar.com\/de\/gugelhupf-fest-in-sremski-karlovci-2024\/#webpage","url":"https:\/\/www.uniavukovar.com\/de\/gugelhupf-fest-in-sremski-karlovci-2024\/","name":"Gugelhupf Fest in Sremski Karlovci 2024. - Udruga Nijemaca i Austrijanaca Vukovar","isPartOf":{"@id":"https:\/\/www.uniavukovar.com\/#website"},"primaryImageOfPage":{"@id":"https:\/\/www.uniavukovar.com\/de\/gugelhupf-fest-in-sremski-karlovci-2024\/#primaryimage"},"datePublished":"2024-06-03T06:54:37+00:00","dateModified":"2024-06-07T06:59:50+00:00","breadcrumb":{"@id":"https:\/\/www.uniavukovar.com\/de\/gugelhupf-fest-in-sremski-karlovci-2024\/#breadcrumb"},"inLanguage":"de","potentialAction":[{"@type":"ReadAction","target":["https:\/\/www.uniavukovar.com\/de\/gugelhupf-fest-in-sremski-karlovci-2024\/"]}]},{"@type":"BreadcrumbList","@id":"https:\/\/www.uniavukovar.com\/de\/gugelhupf-fest-in-sremski-karlovci-2024\/#breadcrumb","itemListElement":[{"@type":"ListItem","position":1,"name":"Po\u010detna stranica","item":"https:\/\/www.uniavukovar.com\/de\/"},{"@type":"ListItem","position":2,"name":"Gugelhupf Fest in Sremski Karlovci 2024."}]},{"@type":"Article","@id":"https:\/\/www.uniavukovar.com\/de\/gugelhupf-fest-in-sremski-karlovci-2024\/#article","isPartOf":{"@id":"https:\/\/www.uniavukovar.com\/de\/gugelhupf-fest-in-sremski-karlovci-2024\/#webpage"},"author":{"@id":"https:\/\/www.uniavukovar.com\/#\/schema\/person\/833697ef9bb8eb8972997c7509022988"},"headline":"Gugelhupf Fest in Sremski Karlovci 2024.","datePublished":"2024-06-03T06:54:37+00:00","dateModified":"2024-06-07T06:59:50+00:00","mainEntityOfPage":{"@id":"https:\/\/www.uniavukovar.com\/de\/gugelhupf-fest-in-sremski-karlovci-2024\/#webpage"},"wordCount":172,"publisher":{"@id":"https:\/\/www.uniavukovar.com\/#organization"},"image":{"@id":"https:\/\/www.uniavukovar.com\/de\/gugelhupf-fest-in-sremski-karlovci-2024\/#primaryimage"},"thumbnailUrl":"https:\/\/www.uniavukovar.com\/wp-content\/uploads\/2024\/06\/7.jpg","articleSection":["Nachrichten"],"inLanguage":"de"},{"@type":"Person","@id":"https:\/\/www.uniavukovar.com\/#\/schema\/person\/833697ef9bb8eb8972997c7509022988","name":"darko","image":{"@type":"ImageObject","@id":"https:\/\/www.uniavukovar.com\/#personlogo","inLanguage":"de","url":"https:\/\/secure.gravatar.com\/avatar\/cc0dd72d58c4017ba388eef3d167aff4beb2fa7142f3d1631e11ce558b99e225?s=96&d=mm&r=g","contentUrl":"https:\/\/secure.gravatar.com\/avatar\/cc0dd72d58c4017ba388eef3d167aff4beb2fa7142f3d1631e11ce558b99e225?s=96&d=mm&r=g","caption":"darko"}}]}},"_links":{"self":[{"href":"https:\/\/www.uniavukovar.com\/de\/wp-json\/wp\/v2\/posts\/1985","targetHints":{"allow":["GET"]}}],"collection":[{"href":"https:\/\/www.uniavukovar.com\/de\/wp-json\/wp\/v2\/posts"}],"about":[{"href":"https:\/\/www.uniavukovar.com\/de\/wp-json\/wp\/v2\/types\/post"}],"author":[{"embeddable":true,"href":"https:\/\/www.uniavukovar.com\/de\/wp-json\/wp\/v2\/users\/3"}],"replies":[{"embeddable":true,"href":"https:\/\/www.uniavukovar.com\/de\/wp-json\/wp\/v2\/comments?post=1985"}],"version-history":[{"count":1,"href":"https:\/\/www.uniavukovar.com\/de\/wp-json\/wp\/v2\/posts\/1985\/revisions"}],"predecessor-version":[{"id":2000,"href":"https:\/\/www.uniavukovar.com\/de\/wp-json\/wp\/v2\/posts\/1985\/revisions\/2000"}],"wp:featuredmedia":[{"embeddable":true,"href":"https:\/\/www.uniavukovar.com\/de\/wp-json\/wp\/v2\/media\/1998"}],"wp:attachment":[{"href":"https:\/\/www.uniavukovar.com\/de\/wp-json\/wp\/v2\/media?parent=1985"}],"wp:term":[{"taxonomy":"category","embeddable":true,"href":"https:\/\/www.uniavukovar.com\/de\/wp-json\/wp\/v2\/categories?post=1985"},{"taxonomy":"post_tag","embeddable":true,"href":"https:\/\/www.uniavukovar.com\/de\/wp-json\/wp\/v2\/tags?post=1985"}],"curies":[{"name":"wp","href":"https:\/\/api.w.org\/{rel}","templated":true}]}}